{"id":3150,"date":"2023-04-19T00:29:17","date_gmt":"2023-04-18T23:29:17","guid":{"rendered":"https:\/\/www.medialiteracyireland.ie\/?p=3150"},"modified":"2023-04-20T07:48:47","modified_gmt":"2023-04-20T06:48:47","slug":"mli-awards-2023-winners-announced","status":"publish","type":"post","link":"https:\/\/www.medialiteracyireland.ie\/ga\/mli-awards-2023-winners-announced\/","title":{"rendered":"MLI Awards 2023: Winners announced"},"content":{"rendered":"\n<p>The wait is over! <\/p>\n\n\n\n<p>On the 18 April 2023, at a closed online event for the short-listed enties, the winners of the first ever MLI Awards were announced. A recording of the event is available below. <\/p>\n\n\n\n<figure class=\"wp-block-embed is-type-video is-provider-vimeo wp-block-embed-vimeo wp-embed-aspect-16-9 wp-has-aspect-ratio\"><div class=\"wp-block-embed__wrapper\">\n<iframe loading=\"lazy\" title=\"recording of MLI Awards announcement event.mp4\" src=\"https:\/\/player.vimeo.com\/video\/818928057?dnt=1&amp;app_id=122963\" width=\"500\" height=\"281\" frameborder=\"0\" allow=\"autoplay; fullscreen; picture-in-picture; clipboard-write\"><\/iframe>\n<\/div><\/figure>\n\n\n\n<p>The Awards aim to raise awareness of the importance of media literacy, recognise existing media literacy work being undertaken in Ireland, and inspire the development of new media literacy initiatives across the country. The initiative is supported by Coimisi\u00fan na Me\u00e1n, the new media regulator which replaced the Broadcasting Authority of Ireland (\u2018BAI\u2019) on the 15<sup>th<\/sup> March 2023.<\/p>\n\n\n\n<p>The programme was launched on the 15<sup>th<\/sup> December 2022 with a call for applications in the following categories: <\/p>\n\n\n\n<p><strong>Best Youth-Led Media Literacy Intervention<\/strong>; <\/p>\n\n\n\n<p><strong>Best Media Literacy Intervention<\/strong>; <\/p>\n\n\n\n<p><strong>Media Literacy Media Champion<\/strong>; <\/p>\n\n\n\n<p><strong>MLI Member Special Contribution<\/strong>.<\/p>\n\n\n\n<p>In addition to these four categories, the MLI Judging Panel also awarded one entry the <strong>Judges Special Recognition Award. <\/strong>This award is given, at the discretion of the Judging Panel, to an entry that the panel believe deserves special recognition for their work in promoting media literacy in Ireland.<\/p>\n\n\n\n<p>This year\u2019s judging panel were Stephanie Comey (Co-Chair of MLI), Eileen Culloty (Vice-Chair of MLI) and Ross Keane (MLI Steering Group member). The MLI National Coordinator, Martina Chapman, was an observer.<\/p>\n\n\n\n<figure class=\"wp-block-image size-large\"><img loading=\"lazy\" decoding=\"async\" width=\"1024\" height=\"683\" src=\"https:\/\/www.medialiteracyireland.ie\/wp-content\/uploads\/2023\/04\/group-shot-1024x683.jpg\" alt=\"\" class=\"wp-image-3160\" srcset=\"https:\/\/www.medialiteracyireland.ie\/wp-content\/uploads\/2023\/04\/group-shot-1024x683.jpg 1024w, https:\/\/www.medialiteracyireland.ie\/wp-content\/uploads\/2023\/04\/group-shot-405x270.jpg 405w, https:\/\/www.medialiteracyireland.ie\/wp-content\/uploads\/2023\/04\/group-shot-768x512.jpg 768w, https:\/\/www.medialiteracyireland.ie\/wp-content\/uploads\/2023\/04\/group-shot-1536x1024.jpg 1536w, https:\/\/www.medialiteracyireland.ie\/wp-content\/uploads\/2023\/04\/group-shot-2048x1365.jpg 2048w\" sizes=\"auto, (max-width: 1024px) 100vw, 1024px\" \/><\/figure>\n\n\n\n<p>Celebrating the success of the new programme, Coimisi\u00fan na Me\u00e1n\u2019s Media Development Commissioner R\u00f3n\u00e1n \u00d3 Domhnaill, presented each of the winners with a specially commissioned MLI trophy to acknowledge their achievement.&nbsp;<\/p>\n\n\n\n<p>And the winners of the MLI Awards 2023 are:&nbsp;<\/p>\n\n\n\n<h2 class=\"wp-block-heading\"><strong>TY Media Week wins Best Youth-Led Media Literacy Intervention Award <\/strong><\/h2>\n\n\n\n<figure class=\"wp-block-image size-large\"><img loading=\"lazy\" decoding=\"async\" width=\"1024\" height=\"683\" src=\"https:\/\/www.medialiteracyireland.ie\/wp-content\/uploads\/2023\/04\/Best-Youth-Led-ML-intervention-1024x683.jpg\" alt=\"\" class=\"wp-image-3162\" srcset=\"https:\/\/www.medialiteracyireland.ie\/wp-content\/uploads\/2023\/04\/Best-Youth-Led-ML-intervention-1024x683.jpg 1024w, https:\/\/www.medialiteracyireland.ie\/wp-content\/uploads\/2023\/04\/Best-Youth-Led-ML-intervention-405x270.jpg 405w, https:\/\/www.medialiteracyireland.ie\/wp-content\/uploads\/2023\/04\/Best-Youth-Led-ML-intervention-768x512.jpg 768w, https:\/\/www.medialiteracyireland.ie\/wp-content\/uploads\/2023\/04\/Best-Youth-Led-ML-intervention-1536x1024.jpg 1536w, https:\/\/www.medialiteracyireland.ie\/wp-content\/uploads\/2023\/04\/Best-Youth-Led-ML-intervention-2048x1365.jpg 2048w\" sizes=\"auto, (max-width: 1024px) 100vw, 1024px\" \/><\/figure>\n\n\n\n<p><em>Coimisi\u00fan na Me\u00e1n\u2019s Media Development Commissioner R\u00f3n\u00e1n \u00d3 Domhnaill presents the Best Youth-Led Media Literacy Intervention Award to Teresa Hanratty (Learning Waves) and TY Media Week students.<\/em><\/p>\n\n\n\n<p>An initiative of Learning Waves, the training body for the Independent radio sector in Ireland, this project involves training transition year students in media literacy and giving them the opportunity to research, produce and present two hours of radio on their local\/ regional radio station.<\/p>\n\n\n\n<p>The judging panel noted \u201c<em>the project impressed with its use of an immersive learning environment to equip young people with the skills to tell their own stories. With innovative and creative methodologies, it demonstrates a hands-on approach to developing media literacy skills while creating content.\u201d<\/em><\/p>\n\n\n\n<h2 class=\"wp-block-heading\"><strong>Alva&#8217;s World wins Best Media Literacy Intervention <\/strong><\/h2>\n\n\n\n<figure class=\"wp-block-image size-large\"><img loading=\"lazy\" decoding=\"async\" width=\"1024\" height=\"683\" src=\"https:\/\/www.medialiteracyireland.ie\/wp-content\/uploads\/2023\/04\/Best-ML-intervention-1024x683.jpg\" alt=\"\" class=\"wp-image-3164\" srcset=\"https:\/\/www.medialiteracyireland.ie\/wp-content\/uploads\/2023\/04\/Best-ML-intervention-1024x683.jpg 1024w, https:\/\/www.medialiteracyireland.ie\/wp-content\/uploads\/2023\/04\/Best-ML-intervention-405x270.jpg 405w, https:\/\/www.medialiteracyireland.ie\/wp-content\/uploads\/2023\/04\/Best-ML-intervention-768x512.jpg 768w, https:\/\/www.medialiteracyireland.ie\/wp-content\/uploads\/2023\/04\/Best-ML-intervention-1536x1024.jpg 1536w, https:\/\/www.medialiteracyireland.ie\/wp-content\/uploads\/2023\/04\/Best-ML-intervention-2048x1365.jpg 2048w\" sizes=\"auto, (max-width: 1024px) 100vw, 1024px\" \/><\/figure>\n\n\n\n<p><em>Coimisi\u00fan na Me\u00e1n\u2019s Media Development Commissioner R\u00f3n\u00e1n \u00d3 Domhnaill presents the Best Media Literacy Intervention Award to Gary Timpson and Andrew Kavanagh from Kavaleer Productions<\/em><\/p>\n\n\n\n<p>Created by award-winning Irish animation studio&nbsp;Kavaleer Productions,&nbsp;Alva\u2019s World&nbsp;is a fun, irreverent animated show for pre-school children which aims to create a new canon of&nbsp;fables for the digital age, placing media literacy, internet safety and empathy at the heart of its inventive and whimsical storytelling.<\/p>\n\n\n\n<p>Under this category, the judging panel noted \u201c<em>the creativity demonstrated by the animated series in communicating complex media literacy messages and its ability to deliver media literacy to very young audiences (and to their parents\/carers) in such an engaging and subtle way\u201d.<\/em><\/p>\n\n\n\n<h2 class=\"wp-block-heading\"><strong>The Journal FactCheck Team wins Media Literacy Media Champion Award<\/strong> <\/h2>\n\n\n\n<figure class=\"wp-block-image size-large\"><img loading=\"lazy\" decoding=\"async\" width=\"1024\" height=\"683\" src=\"https:\/\/www.medialiteracyireland.ie\/wp-content\/uploads\/2023\/04\/ML-media-champion-1024x683.jpg\" alt=\"\" class=\"wp-image-3166\" srcset=\"https:\/\/www.medialiteracyireland.ie\/wp-content\/uploads\/2023\/04\/ML-media-champion-1024x683.jpg 1024w, https:\/\/www.medialiteracyireland.ie\/wp-content\/uploads\/2023\/04\/ML-media-champion-405x270.jpg 405w, https:\/\/www.medialiteracyireland.ie\/wp-content\/uploads\/2023\/04\/ML-media-champion-768x512.jpg 768w, https:\/\/www.medialiteracyireland.ie\/wp-content\/uploads\/2023\/04\/ML-media-champion-1536x1024.jpg 1536w, https:\/\/www.medialiteracyireland.ie\/wp-content\/uploads\/2023\/04\/ML-media-champion-2048x1365.jpg 2048w\" sizes=\"auto, (max-width: 1024px) 100vw, 1024px\" \/><\/figure>\n\n\n\n<p><em>The Journal FactCheck team of fact-check journalist Shane Raymond, The Journal Editor Sinead O&#8217;Carroll, Journal Media Managing Editor Susan Daly, FactCheck editorial lead Stephen McDermott&nbsp;receiving the Media Literacy Media Champion Award from Coimisi\u00fan na Me\u00e1n\u2019s Media Development Commissioner R\u00f3n\u00e1n \u00d3 Domhnaill<\/em><\/p>\n\n\n\n<p>Established in 2016, the guiding principle of the FactCheck team is to not only provide good information to the public to make the best possible decisions on matters that impact their lives and society but to also provide the tools with which citizens can themselves identify suspicious or unverified content and successfully seek out quality information for themselves.<\/p>\n\n\n\n<p>The Judging Panel acknowledged the FactCheck team\u2019s \u201c<em>use of innovative content and outreach to address some of the most complex media literacy issues today and its work in improving public understanding of news media by engaging people with the process of making news and the importance of good information hygiene.\u201d<\/em><\/p>\n\n\n\n<h2 class=\"wp-block-heading\"><strong>Webwise wins MLI Member Special Contribution Award <\/strong><\/h2>\n\n\n\n<figure class=\"wp-block-image size-large\"><img loading=\"lazy\" decoding=\"async\" width=\"1024\" height=\"683\" src=\"https:\/\/www.medialiteracyireland.ie\/wp-content\/uploads\/2023\/04\/member-contribution-1024x683.jpg\" alt=\"\" class=\"wp-image-3168\" srcset=\"https:\/\/www.medialiteracyireland.ie\/wp-content\/uploads\/2023\/04\/member-contribution-1024x683.jpg 1024w, https:\/\/www.medialiteracyireland.ie\/wp-content\/uploads\/2023\/04\/member-contribution-405x270.jpg 405w, https:\/\/www.medialiteracyireland.ie\/wp-content\/uploads\/2023\/04\/member-contribution-768x512.jpg 768w, https:\/\/www.medialiteracyireland.ie\/wp-content\/uploads\/2023\/04\/member-contribution-1536x1024.jpg 1536w, https:\/\/www.medialiteracyireland.ie\/wp-content\/uploads\/2023\/04\/member-contribution-2048x1365.jpg 2048w\" sizes=\"auto, (max-width: 1024px) 100vw, 1024px\" \/><\/figure>\n\n\n\n<p><em>Coimisi\u00fan na Me\u00e1n\u2019s Media Development Commissioner R\u00f3n\u00e1n \u00d3 Domhnaill<\/em> <em>presents Catriona Mulcahy of Webwise with the MLI Member Special Contribution Award<\/em><\/p>\n\n\n\n<p>Webwise is the Irish Internet Safety Awareness Centre. Part of the PDST Technology in Education, Webwise promotes the autonomous, effective, and safer use of the internet by young people through a sustained information and awareness strategy targeting parents, teachers, and children themselves with consistent and relevant messages.<\/p>\n\n\n\n<p>The Judging Panel noted \u201c<em>MLI members are the heart and soul of MLI. Without individual members sharing their time, expertise and ideas, we could not achieve as much as we do. This award is an opportunity for MLI members to recognise the work that other members are doing and we congratulate Webwise on being the first, and very worthy, recipient of the MLI Member Special Contribution award.\u201d<\/em><\/p>\n\n\n\n<h2 class=\"wp-block-heading\"><strong>Joseph Hoban wins MLI Judges Special Recognition Award <\/strong><\/h2>\n\n\n\n<figure class=\"wp-block-image size-large\"><img loading=\"lazy\" decoding=\"async\" width=\"1024\" height=\"683\" src=\"https:\/\/www.medialiteracyireland.ie\/wp-content\/uploads\/2023\/04\/judges-aaward-1024x683.jpg\" alt=\"\" class=\"wp-image-3170\" srcset=\"https:\/\/www.medialiteracyireland.ie\/wp-content\/uploads\/2023\/04\/judges-aaward-1024x683.jpg 1024w, https:\/\/www.medialiteracyireland.ie\/wp-content\/uploads\/2023\/04\/judges-aaward-405x270.jpg 405w, https:\/\/www.medialiteracyireland.ie\/wp-content\/uploads\/2023\/04\/judges-aaward-768x512.jpg 768w, https:\/\/www.medialiteracyireland.ie\/wp-content\/uploads\/2023\/04\/judges-aaward-1536x1024.jpg 1536w, https:\/\/www.medialiteracyireland.ie\/wp-content\/uploads\/2023\/04\/judges-aaward-2048x1365.jpg 2048w\" sizes=\"auto, (max-width: 1024px) 100vw, 1024px\" \/><\/figure>\n\n\n\n<p><em>Joseph Hoban accepts the MLI Judges Special Recognition Award from Coimisi\u00fan na Me\u00e1n\u2019s Media Development Commissioner R\u00f3n\u00e1n \u00d3 Domhnaill<\/em><\/p>\n\n\n\n<p>Joseph Hoban, is Head of Brand Projects, Partnerships, and Events for RT\u00c9 and a former MLI Steering Group member.&nbsp; The Judging Panel agreed that Mr. Hoban\u2019s contribution to the promotion of media literacy in Ireland via his central role in the development of the national <em>Be Media Smart<\/em> campaign deserved special recognition. The Panel noted that the \u201c<em>the Be Media Smart campaign, and its \u2018Stop, Think, Check\u2019 call to action, has become a centre-piece of the work of MLI and has facilitated positive engagement from members and broadened MLI\u2019s reach\u201d.<\/em><\/p>\n\n\n\n<p>Commenting on the awards Prof. Brian O\u2019Neill, Co-Chair of MLI said: \u201c<em>These awards are an opportunity for the media literacy community in Ireland to recognise the excellent work being done by a broad range of people and organisations to help empower citizens with the skills and knowledge to make the very best use of digital media toady. It\u2019s wonderful to see the breadth and depth of the interventions. We look forward to seeing the Media Literacy Awards Programme grow year on year<\/em>\u201d.<\/p>\n\n\n\n<p>A press release is available in <a href=\"https:\/\/www.medialiteracyireland.ie\/wp-content\/uploads\/2023\/04\/MLI-Award-Winners-press-release-ENG.docx\">English<\/a> and <a href=\"https:\/\/www.medialiteracyireland.ie\/wp-content\/uploads\/2023\/04\/MLI-Award-Winners-press-release-GA.pdf\">as Gaeilge<\/a><\/p>\n","protected":false},"excerpt":{"rendered":"<p>The results are in and the MLI Awards Short-list is out!<\/p>\n","protected":false},"author":264,"featured_media":3107,"comment_status":"closed","ping_status":"closed","sticky":false,"template":"","format":"standard","meta":{"_acf_changed":false,"footnotes":""},"categories":[23],"tags":[163,51,162,160,161],"class_list":["post-3150","post","type-post","status-publish","format-standard","has-post-thumbnail","hentry","category-news","tag-best-media-literacy-intervention","tag-media-literacy","tag-media-literacy-ireland","tag-mli-awards","tag-short-listed-entries"],"acf":[],"yoast_head":"<!-- This site is optimized with the Yoast SEO plugin v27.5 - https:\/\/yoast.com\/product\/yoast-seo-wordpress\/ -->\n<title>MLI Awards 2023: Winners announced - Media Literacy Ireland<\/title>\n<meta name=\"robots\" content=\"index, follow, max-snippet:-1, max-image-preview:large, max-video-preview:-1\" \/>\n<link rel=\"canonical\" href=\"https:\/\/www.medialiteracyireland.ie\/mli-awards-2023-winners-announced\/\" \/>\n<meta property=\"og:locale\" content=\"ga_IE\" \/>\n<meta property=\"og:type\" content=\"article\" \/>\n<meta property=\"og:title\" content=\"MLI Awards 2023: Winners announced - Media Literacy Ireland\" \/>\n<meta property=\"og:description\" content=\"The results are in and the MLI Awards Short-list is out!\" \/>\n<meta property=\"og:url\" content=\"https:\/\/www.medialiteracyireland.ie\/mli-awards-2023-winners-announced\/\" \/>\n<meta property=\"og:site_name\" content=\"Media Literacy Ireland\" \/>\n<meta property=\"article:published_time\" content=\"2023-04-18T23:29:17+00:00\" \/>\n<meta property=\"article:modified_time\" content=\"2023-04-20T06:48:47+00:00\" \/>\n<meta property=\"og:image\" content=\"https:\/\/www.medialiteracyireland.ie\/wp-content\/uploads\/2023\/04\/MLIawards-image.png\" \/>\n\t<meta property=\"og:image:width\" content=\"366\" \/>\n\t<meta property=\"og:image:height\" content=\"277\" \/>\n\t<meta property=\"og:image:type\" content=\"image\/png\" \/>\n<meta name=\"author\" content=\"Martina Chapman\" \/>\n<meta name=\"twitter:card\" content=\"summary_large_image\" \/>\n<meta name=\"twitter:creator\" content=\"@https:\/\/twitter.com\/chapmanmartina\" \/>\n<meta name=\"twitter:label1\" content=\"Written by\" \/>\n\t<meta name=\"twitter:data1\" content=\"Martina Chapman\" \/>\n\t<meta name=\"twitter:label2\" content=\"Est. reading time\" \/>\n\t<meta name=\"twitter:data2\" content=\"6 minutes\" \/>\n<script type=\"application\/ld+json\" class=\"yoast-schema-graph\">{\"@context\":\"https:\\\/\\\/schema.org\",\"@graph\":[{\"@type\":\"Article\",\"@id\":\"https:\\\/\\\/www.medialiteracyireland.ie\\\/mli-awards-2023-winners-announced\\\/#article\",\"isPartOf\":{\"@id\":\"https:\\\/\\\/www.medialiteracyireland.ie\\\/mli-awards-2023-winners-announced\\\/\"},\"author\":{\"name\":\"Martina Chapman\",\"@id\":\"https:\\\/\\\/www.medialiteracyireland.ie\\\/#\\\/schema\\\/person\\\/5e701cf6eeb55dadca6f0bbf8a0084ba\"},\"headline\":\"MLI Awards 2023: Winners announced\",\"datePublished\":\"2023-04-18T23:29:17+00:00\",\"dateModified\":\"2023-04-20T06:48:47+00:00\",\"mainEntityOfPage\":{\"@id\":\"https:\\\/\\\/www.medialiteracyireland.ie\\\/mli-awards-2023-winners-announced\\\/\"},\"wordCount\":1058,\"image\":{\"@id\":\"https:\\\/\\\/www.medialiteracyireland.ie\\\/mli-awards-2023-winners-announced\\\/#primaryimage\"},\"thumbnailUrl\":\"https:\\\/\\\/www.medialiteracyireland.ie\\\/wp-content\\\/uploads\\\/2023\\\/04\\\/MLIawards-image.png\",\"keywords\":[\"Best Media Literacy Intervention\",\"Media Literacy\",\"Media Literacy Ireland\",\"MLI Awards\",\"Short-listed entries\"],\"articleSection\":[\"News\"],\"inLanguage\":\"ga-IE\"},{\"@type\":\"WebPage\",\"@id\":\"https:\\\/\\\/www.medialiteracyireland.ie\\\/mli-awards-2023-winners-announced\\\/\",\"url\":\"https:\\\/\\\/www.medialiteracyireland.ie\\\/mli-awards-2023-winners-announced\\\/\",\"name\":\"MLI Awards 2023: Winners announced - Media Literacy Ireland\",\"isPartOf\":{\"@id\":\"https:\\\/\\\/www.medialiteracyireland.ie\\\/#website\"},\"primaryImageOfPage\":{\"@id\":\"https:\\\/\\\/www.medialiteracyireland.ie\\\/mli-awards-2023-winners-announced\\\/#primaryimage\"},\"image\":{\"@id\":\"https:\\\/\\\/www.medialiteracyireland.ie\\\/mli-awards-2023-winners-announced\\\/#primaryimage\"},\"thumbnailUrl\":\"https:\\\/\\\/www.medialiteracyireland.ie\\\/wp-content\\\/uploads\\\/2023\\\/04\\\/MLIawards-image.png\",\"datePublished\":\"2023-04-18T23:29:17+00:00\",\"dateModified\":\"2023-04-20T06:48:47+00:00\",\"author\":{\"@id\":\"https:\\\/\\\/www.medialiteracyireland.ie\\\/#\\\/schema\\\/person\\\/5e701cf6eeb55dadca6f0bbf8a0084ba\"},\"breadcrumb\":{\"@id\":\"https:\\\/\\\/www.medialiteracyireland.ie\\\/mli-awards-2023-winners-announced\\\/#breadcrumb\"},\"inLanguage\":\"ga-IE\",\"potentialAction\":[{\"@type\":\"ReadAction\",\"target\":[\"https:\\\/\\\/www.medialiteracyireland.ie\\\/mli-awards-2023-winners-announced\\\/\"]}]},{\"@type\":\"ImageObject\",\"inLanguage\":\"ga-IE\",\"@id\":\"https:\\\/\\\/www.medialiteracyireland.ie\\\/mli-awards-2023-winners-announced\\\/#primaryimage\",\"url\":\"https:\\\/\\\/www.medialiteracyireland.ie\\\/wp-content\\\/uploads\\\/2023\\\/04\\\/MLIawards-image.png\",\"contentUrl\":\"https:\\\/\\\/www.medialiteracyireland.ie\\\/wp-content\\\/uploads\\\/2023\\\/04\\\/MLIawards-image.png\",\"width\":366,\"height\":277},{\"@type\":\"BreadcrumbList\",\"@id\":\"https:\\\/\\\/www.medialiteracyireland.ie\\\/mli-awards-2023-winners-announced\\\/#breadcrumb\",\"itemListElement\":[{\"@type\":\"ListItem\",\"position\":1,\"name\":\"Home\",\"item\":\"https:\\\/\\\/www.medialiteracyireland.ie\\\/\"},{\"@type\":\"ListItem\",\"position\":2,\"name\":\"MLI Awards 2023: Winners announced\"}]},{\"@type\":\"WebSite\",\"@id\":\"https:\\\/\\\/www.medialiteracyireland.ie\\\/#website\",\"url\":\"https:\\\/\\\/www.medialiteracyireland.ie\\\/\",\"name\":\"Media Literacy Ireland\",\"description\":\"An informal alliance working together to promote media literacy in Ireland.\",\"potentialAction\":[{\"@type\":\"SearchAction\",\"target\":{\"@type\":\"EntryPoint\",\"urlTemplate\":\"https:\\\/\\\/www.medialiteracyireland.ie\\\/?s={search_term_string}\"},\"query-input\":{\"@type\":\"PropertyValueSpecification\",\"valueRequired\":true,\"valueName\":\"search_term_string\"}}],\"inLanguage\":\"ga-IE\"},{\"@type\":\"Person\",\"@id\":\"https:\\\/\\\/www.medialiteracyireland.ie\\\/#\\\/schema\\\/person\\\/5e701cf6eeb55dadca6f0bbf8a0084ba\",\"name\":\"Martina Chapman\",\"image\":{\"@type\":\"ImageObject\",\"inLanguage\":\"ga-IE\",\"@id\":\"https:\\\/\\\/secure.gravatar.com\\\/avatar\\\/67ea36a1c17d50938239939707de07d769aea2bc947e254dbbc25ac6a09f990f?s=96&d=mm&r=g\",\"url\":\"https:\\\/\\\/secure.gravatar.com\\\/avatar\\\/67ea36a1c17d50938239939707de07d769aea2bc947e254dbbc25ac6a09f990f?s=96&d=mm&r=g\",\"contentUrl\":\"https:\\\/\\\/secure.gravatar.com\\\/avatar\\\/67ea36a1c17d50938239939707de07d769aea2bc947e254dbbc25ac6a09f990f?s=96&d=mm&r=g\",\"caption\":\"Martina Chapman\"},\"description\":\"Martina Chapman is an independent consultant specialising in media literacy policy, strategy, research and projects. She is the National Coordinator for Media Literacy Ireland and the Be Media Smart campaign.\",\"sameAs\":[\"https:\\\/\\\/www.linkedin.com\\\/in\\\/martinachapman\\\/\",\"https:\\\/\\\/x.com\\\/https:\\\/\\\/twitter.com\\\/chapmanmartina\"]}]}<\/script>\n<!-- \/ Yoast SEO plugin. -->","yoast_head_json":{"title":"MLI Awards 2023: Winners announced - Media Literacy Ireland","robots":{"index":"index","follow":"follow","max-snippet":"max-snippet:-1","max-image-preview":"max-image-preview:large","max-video-preview":"max-video-preview:-1"},"canonical":"https:\/\/www.medialiteracyireland.ie\/mli-awards-2023-winners-announced\/","og_locale":"ga_IE","og_type":"article","og_title":"MLI Awards 2023: Winners announced - Media Literacy Ireland","og_description":"The results are in and the MLI Awards Short-list is out!","og_url":"https:\/\/www.medialiteracyireland.ie\/mli-awards-2023-winners-announced\/","og_site_name":"Media Literacy Ireland","article_published_time":"2023-04-18T23:29:17+00:00","article_modified_time":"2023-04-20T06:48:47+00:00","og_image":[{"width":366,"height":277,"url":"https:\/\/www.medialiteracyireland.ie\/wp-content\/uploads\/2023\/04\/MLIawards-image.png","type":"image\/png"}],"author":"Martina Chapman","twitter_card":"summary_large_image","twitter_creator":"@https:\/\/twitter.com\/chapmanmartina","twitter_misc":{"Written by":"Martina Chapman","Est. reading time":"6 minutes"},"schema":{"@context":"https:\/\/schema.org","@graph":[{"@type":"Article","@id":"https:\/\/www.medialiteracyireland.ie\/mli-awards-2023-winners-announced\/#article","isPartOf":{"@id":"https:\/\/www.medialiteracyireland.ie\/mli-awards-2023-winners-announced\/"},"author":{"name":"Martina Chapman","@id":"https:\/\/www.medialiteracyireland.ie\/#\/schema\/person\/5e701cf6eeb55dadca6f0bbf8a0084ba"},"headline":"MLI Awards 2023: Winners announced","datePublished":"2023-04-18T23:29:17+00:00","dateModified":"2023-04-20T06:48:47+00:00","mainEntityOfPage":{"@id":"https:\/\/www.medialiteracyireland.ie\/mli-awards-2023-winners-announced\/"},"wordCount":1058,"image":{"@id":"https:\/\/www.medialiteracyireland.ie\/mli-awards-2023-winners-announced\/#primaryimage"},"thumbnailUrl":"https:\/\/www.medialiteracyireland.ie\/wp-content\/uploads\/2023\/04\/MLIawards-image.png","keywords":["Best Media Literacy Intervention","Media Literacy","Media Literacy Ireland","MLI Awards","Short-listed entries"],"articleSection":["News"],"inLanguage":"ga-IE"},{"@type":"WebPage","@id":"https:\/\/www.medialiteracyireland.ie\/mli-awards-2023-winners-announced\/","url":"https:\/\/www.medialiteracyireland.ie\/mli-awards-2023-winners-announced\/","name":"MLI Awards 2023: Winners announced - Media Literacy Ireland","isPartOf":{"@id":"https:\/\/www.medialiteracyireland.ie\/#website"},"primaryImageOfPage":{"@id":"https:\/\/www.medialiteracyireland.ie\/mli-awards-2023-winners-announced\/#primaryimage"},"image":{"@id":"https:\/\/www.medialiteracyireland.ie\/mli-awards-2023-winners-announced\/#primaryimage"},"thumbnailUrl":"https:\/\/www.medialiteracyireland.ie\/wp-content\/uploads\/2023\/04\/MLIawards-image.png","datePublished":"2023-04-18T23:29:17+00:00","dateModified":"2023-04-20T06:48:47+00:00","author":{"@id":"https:\/\/www.medialiteracyireland.ie\/#\/schema\/person\/5e701cf6eeb55dadca6f0bbf8a0084ba"},"breadcrumb":{"@id":"https:\/\/www.medialiteracyireland.ie\/mli-awards-2023-winners-announced\/#breadcrumb"},"inLanguage":"ga-IE","potentialAction":[{"@type":"ReadAction","target":["https:\/\/www.medialiteracyireland.ie\/mli-awards-2023-winners-announced\/"]}]},{"@type":"ImageObject","inLanguage":"ga-IE","@id":"https:\/\/www.medialiteracyireland.ie\/mli-awards-2023-winners-announced\/#primaryimage","url":"https:\/\/www.medialiteracyireland.ie\/wp-content\/uploads\/2023\/04\/MLIawards-image.png","contentUrl":"https:\/\/www.medialiteracyireland.ie\/wp-content\/uploads\/2023\/04\/MLIawards-image.png","width":366,"height":277},{"@type":"BreadcrumbList","@id":"https:\/\/www.medialiteracyireland.ie\/mli-awards-2023-winners-announced\/#breadcrumb","itemListElement":[{"@type":"ListItem","position":1,"name":"Home","item":"https:\/\/www.medialiteracyireland.ie\/"},{"@type":"ListItem","position":2,"name":"MLI Awards 2023: Winners announced"}]},{"@type":"WebSite","@id":"https:\/\/www.medialiteracyireland.ie\/#website","url":"https:\/\/www.medialiteracyireland.ie\/","name":"Media Literacy Ireland","description":"An informal alliance working together to promote media literacy in Ireland.","potentialAction":[{"@type":"SearchAction","target":{"@type":"EntryPoint","urlTemplate":"https:\/\/www.medialiteracyireland.ie\/?s={search_term_string}"},"query-input":{"@type":"PropertyValueSpecification","valueRequired":true,"valueName":"search_term_string"}}],"inLanguage":"ga-IE"},{"@type":"Person","@id":"https:\/\/www.medialiteracyireland.ie\/#\/schema\/person\/5e701cf6eeb55dadca6f0bbf8a0084ba","name":"Martina Chapman","image":{"@type":"ImageObject","inLanguage":"ga-IE","@id":"https:\/\/secure.gravatar.com\/avatar\/67ea36a1c17d50938239939707de07d769aea2bc947e254dbbc25ac6a09f990f?s=96&d=mm&r=g","url":"https:\/\/secure.gravatar.com\/avatar\/67ea36a1c17d50938239939707de07d769aea2bc947e254dbbc25ac6a09f990f?s=96&d=mm&r=g","contentUrl":"https:\/\/secure.gravatar.com\/avatar\/67ea36a1c17d50938239939707de07d769aea2bc947e254dbbc25ac6a09f990f?s=96&d=mm&r=g","caption":"Martina Chapman"},"description":"Martina Chapman is an independent consultant specialising in media literacy policy, strategy, research and projects. She is the National Coordinator for Media Literacy Ireland and the Be Media Smart campaign.","sameAs":["https:\/\/www.linkedin.com\/in\/martinachapman\/","https:\/\/x.com\/https:\/\/twitter.com\/chapmanmartina"]}]}},"_links":{"self":[{"href":"https:\/\/www.medialiteracyireland.ie\/ga\/wp-json\/wp\/v2\/posts\/3150","targetHints":{"allow":["GET"]}}],"collection":[{"href":"https:\/\/www.medialiteracyireland.ie\/ga\/wp-json\/wp\/v2\/posts"}],"about":[{"href":"https:\/\/www.medialiteracyireland.ie\/ga\/wp-json\/wp\/v2\/types\/post"}],"author":[{"embeddable":true,"href":"https:\/\/www.medialiteracyireland.ie\/ga\/wp-json\/wp\/v2\/users\/264"}],"replies":[{"embeddable":true,"href":"https:\/\/www.medialiteracyireland.ie\/ga\/wp-json\/wp\/v2\/comments?post=3150"}],"version-history":[{"count":6,"href":"https:\/\/www.medialiteracyireland.ie\/ga\/wp-json\/wp\/v2\/posts\/3150\/revisions"}],"predecessor-version":[{"id":3173,"href":"https:\/\/www.medialiteracyireland.ie\/ga\/wp-json\/wp\/v2\/posts\/3150\/revisions\/3173"}],"wp:featuredmedia":[{"embeddable":true,"href":"https:\/\/www.medialiteracyireland.ie\/ga\/wp-json\/wp\/v2\/media\/3107"}],"wp:attachment":[{"href":"https:\/\/www.medialiteracyireland.ie\/ga\/wp-json\/wp\/v2\/media?parent=3150"}],"wp:term":[{"taxonomy":"category","embeddable":true,"href":"https:\/\/www.medialiteracyireland.ie\/ga\/wp-json\/wp\/v2\/categories?post=3150"},{"taxonomy":"post_tag","embeddable":true,"href":"https:\/\/www.medialiteracyireland.ie\/ga\/wp-json\/wp\/v2\/tags?post=3150"}],"curies":[{"name":"wp","href":"https:\/\/api.w.org\/{rel}","templated":true}]}}